{"id":471,"date":"2024-02-27T00:04:26","date_gmt":"2024-02-26T23:04:26","guid":{"rendered":"https:\/\/ie.uek.krakow.pl\/ke\/?p=1"},"modified":"2025-03-31T11:25:00","modified_gmt":"2025-03-31T09:25:00","slug":"informacje-dla-studentow-z-niepelnosprawnoscia","status":"publish","type":"post","link":"https:\/\/injzp.uek.krakow.pl\/kco\/2024\/02\/27\/informacje-dla-studentow-z-niepelnosprawnoscia\/","title":{"rendered":"Informacje dla student\u00f3w z&nbsp;niepe\u0142nosprawno\u015bci\u0105"},"content":{"rendered":"\t\t<div data-elementor-type=\"wp-post\" data-elementor-id=\"471\" class=\"elementor elementor-471\" data-elementor-post-type=\"post\">\n\t\t\t\t\t\t<section data-particle_enable=\"false\" data-particle-mobile-disabled=\"false\" class=\"elementor-section elementor-top-section elementor-element elementor-element-4c39e53 elementor-section-boxed elementor-section-height-default elementor-section-height-default\" data-id=\"4c39e53\" data-element_type=\"section\" data-settings=\"{&quot;jet_parallax_layout_list&quot;:[]}\">\n\t\t\t\t\t\t<div class=\"elementor-container elementor-column-gap-default\">\n\t\t\t\t\t<div class=\"elementor-column elementor-col-100 elementor-top-column elementor-element elementor-element-7c78f31\" data-id=\"7c78f31\" data-element_type=\"column\">\n\t\t\t<div class=\"elementor-widget-wrap elementor-element-populated\">\n\t\t\t\t\t\t<div class=\"elementor-element elementor-element-3ad2dad elementor-widget elementor-widget-text-editor\" data-id=\"3ad2dad\" data-element_type=\"widget\" data-widget_type=\"text-editor.default\">\n\t\t\t\t<div class=\"elementor-widget-container\">\n\t\t\t\t\t\t\t\t\t<ul><li>Katedralnym Pe\u0142nomocnikiem ds. Os\u00f3b z Niepe\u0142nosprawno\u015bciami jest dr in\u017c. Lidia Ostasz, prof. UEK.\u00a0<\/li><li>Informacje na temat zakresu dzia\u0142a\u0144 podejmowanych dla wsparcia procesu dydaktycznego student\u00f3w z niepe\u0142nosprawno\u015bciami mo\u017cna znale\u017a\u0107 na stronie <a href=\"https:\/\/bon.uek.krakow.pl\/\" target=\"_blank\" rel=\"noopener\">Biura ds. Os\u00f3b Niepe\u0142nosprawnych<\/a>.\u00a0<\/li><li>Istnieje mo\u017cliwo\u015b\u0107 zorganizowania dodatkowych indywidualnych konsultacji przez pracownik\u00f3w Katedry Chemii Og\u00f3lnej dla student\u00f3w z niepe\u0142nosprawno\u015bciami. Kontakt sprawie ustalenia termin\u00f3w konsultacji z Pe\u0142nomocnikiem Katedralnym.<\/li><\/ul><p>\u00a0<\/p>\t\t\t\t\t\t\t\t<\/div>\n\t\t\t\t<\/div>\n\t\t\t\t\t<\/div>\n\t\t<\/div>\n\t\t\t\t\t<\/div>\n\t\t<\/section>\n\t\t\t\t<\/div>\n\t\t","protected":false},"excerpt":{"rendered":"<p>Katedralnym Pe\u0142nomocnikiem ds. Os\u00f3b z Niepe\u0142nosprawno\u015bciami jest dr in\u017c. Lidia Ostasz, prof. UEK.\u00a0 Informacje na temat zakresu dzia\u0142a\u0144 podejmowanych dla wsparcia procesu dydaktycznego student\u00f3w z niepe\u0142nosprawno\u015bciami mo\u017cna znale\u017a\u0107 na stronie Biura ds. Os\u00f3b Niepe\u0142nosprawnych.\u00a0 Istnieje mo\u017cliwo\u015b\u0107 zorganizowania dodatkowych indywidualnych konsultacji przez pracownik\u00f3w Katedry Chemii Og\u00f3lnej dla student\u00f3w z niepe\u0142nosprawno\u015bciami. Kontakt sprawie ustalenia termin\u00f3w konsultacji z Pe\u0142nomocnikiem Katedralnym. \u00a0<\/p>\n","protected":false},"author":6,"featured_media":0,"comment_status":"closed","ping_status":"closed","sticky":false,"template":"","format":"standard","meta":{"footnotes":""},"categories":[1],"tags":[],"class_list":["post-471","post","type-post","status-publish","format-standard","hentry","category-aktualnosci"],"_links":{"self":[{"href":"https:\/\/injzp.uek.krakow.pl\/kco\/wp-json\/wp\/v2\/posts\/471","targetHints":{"allow":["GET"]}}],"collection":[{"href":"https:\/\/injzp.uek.krakow.pl\/kco\/wp-json\/wp\/v2\/posts"}],"about":[{"href":"https:\/\/injzp.uek.krakow.pl\/kco\/wp-json\/wp\/v2\/types\/post"}],"author":[{"embeddable":true,"href":"https:\/\/injzp.uek.krakow.pl\/kco\/wp-json\/wp\/v2\/users\/6"}],"replies":[{"embeddable":true,"href":"https:\/\/injzp.uek.krakow.pl\/kco\/wp-json\/wp\/v2\/comments?post=471"}],"version-history":[{"count":16,"href":"https:\/\/injzp.uek.krakow.pl\/kco\/wp-json\/wp\/v2\/posts\/471\/revisions"}],"predecessor-version":[{"id":2711,"href":"https:\/\/injzp.uek.krakow.pl\/kco\/wp-json\/wp\/v2\/posts\/471\/revisions\/2711"}],"wp:attachment":[{"href":"https:\/\/injzp.uek.krakow.pl\/kco\/wp-json\/wp\/v2\/media?parent=471"}],"wp:term":[{"taxonomy":"category","embeddable":true,"href":"https:\/\/injzp.uek.krakow.pl\/kco\/wp-json\/wp\/v2\/categories?post=471"},{"taxonomy":"post_tag","embeddable":true,"href":"https:\/\/injzp.uek.krakow.pl\/kco\/wp-json\/wp\/v2\/tags?post=471"}],"curies":[{"name":"wp","href":"https:\/\/api.w.org\/{rel}","templated":true}]}}