{"id":2246,"date":"2024-06-04T18:44:22","date_gmt":"2024-06-04T16:44:22","guid":{"rendered":"https:\/\/injzp.uek.krakow.pl\/kzp\/?p=2246"},"modified":"2024-06-04T19:52:41","modified_gmt":"2024-06-04T17:52:41","slug":"panele-eksperckie","status":"publish","type":"post","link":"https:\/\/injzp.uek.krakow.pl\/kzp\/2024\/06\/04\/panele-eksperckie\/","title":{"rendered":"Panele Eksperckie"},"content":{"rendered":"\t\t<div data-elementor-type=\"wp-post\" data-elementor-id=\"2246\" class=\"elementor elementor-2246\" data-elementor-post-type=\"post\">\n\t\t\t\t\t\t<section data-particle_enable=\"false\" data-particle-mobile-disabled=\"false\" class=\"elementor-section elementor-top-section elementor-element elementor-element-a13fd03 elementor-section-boxed elementor-section-height-default elementor-section-height-default\" data-id=\"a13fd03\" data-element_type=\"section\" data-settings=\"{&quot;jet_parallax_layout_list&quot;:[]}\">\n\t\t\t\t\t\t<div class=\"elementor-container elementor-column-gap-default\">\n\t\t\t\t\t<div class=\"elementor-column elementor-col-100 elementor-top-column elementor-element elementor-element-60159ae\" data-id=\"60159ae\" data-element_type=\"column\">\n\t\t\t<div class=\"elementor-widget-wrap elementor-element-populated\">\n\t\t\t\t\t\t<div class=\"elementor-element elementor-element-a7cdad8 elementor-widget elementor-widget-text-editor\" data-id=\"a7cdad8\" data-element_type=\"widget\" data-widget_type=\"text-editor.default\">\n\t\t\t\t<div class=\"elementor-widget-container\">\n\t\t\t\t\t\t\t\t\t<h3 style=\"text-align: center\">21 maja 2024 r. w trakcie XVI Mi\u0119dzynarodowej Konferencji Naukowej Wiedza &#8211; Gospodarka &#8211; Spo\u0142ecze\u0144stwo\u00a0Kolegium Nauk o Zarz\u0105dzaniu i Jako\u015bci Uniwersytetu Ekonomicznego w Krakowie Prof. Marek Jab\u0142o\u0144ski oraz dr Mariola Wiater i mgr Julia Karcz-Ryndak z Katedry Zarz\u0105dzania Procesowego zorganizowali dwa panele dyskusyjne pt.:<\/h3><h3 style=\"text-align: center\"><b>&#8211; Teatr na \u015bwiatowej scenie. Zarz\u0105dzanie wsp\u00f3\u0142czesnym teatrem: wsp\u00f3\u0142praca mi\u0119dzynarodowa<\/b><\/h3><h3 style=\"text-align: center\"><b>&#8211; Organizacja neuror\u00f3\u017cnorodna \u2013 wyr\u00f3\u017cniki, korzy\u015bci, wyzwania<\/b><\/h3><h3 style=\"text-align: center\">W dyskusji wzi\u0119li udzia\u0142 eksperci zajmuj\u0105cy si\u0119 poruszan\u0105 problematyk\u0105, specjali\u015bci, dyrektorzy przedsi\u0119biorstw, teatr\u00f3w i instytut\u00f3w.\u00a0<\/h3><h3 style=\"text-align: center\">Rekordowa frekwencja s\u0142uchaczy \u015bwiadczy o du\u017cym zainteresowaniu prezentowanymi zagadnieniami w\u015br\u00f3d spo\u0142eczno\u015bci akademickiej naszego Uniwersytetu.<\/h3><h3 style=\"text-align: center\">Zapraszamy na kolejne edycje!<\/h3>\t\t\t\t\t\t\t\t<\/div>\n\t\t\t\t<\/div>\n\t\t\t\t\t<\/div>\n\t\t<\/div>\n\t\t\t\t\t<\/div>\n\t\t<\/section>\n\t\t\t\t<section data-particle_enable=\"false\" data-particle-mobile-disabled=\"false\" class=\"elementor-section elementor-top-section elementor-element elementor-element-aa17f22 elementor-section-boxed elementor-section-height-default elementor-section-height-default\" data-id=\"aa17f22\" data-element_type=\"section\" data-settings=\"{&quot;jet_parallax_layout_list&quot;:[]}\">\n\t\t\t\t\t\t<div class=\"elementor-container elementor-column-gap-default\">\n\t\t\t\t\t<div class=\"elementor-column elementor-col-100 elementor-top-column elementor-element elementor-element-e8fc337\" data-id=\"e8fc337\" data-element_type=\"column\">\n\t\t\t<div class=\"elementor-widget-wrap elementor-element-populated\">\n\t\t\t\t\t\t<div class=\"elementor-element elementor-element-06487ae elementor-widget elementor-widget-image\" data-id=\"06487ae\" data-element_type=\"widget\" data-widget_type=\"image.default\">\n\t\t\t\t<div class=\"elementor-widget-container\">\n\t\t\t\t\t\t\t\t\t\t\t\t<figure class=\"wp-caption\">\n\t\t\t\t\t\t\t\t\t\t<img fetchpriority=\"high\" decoding=\"async\" width=\"768\" height=\"363\" src=\"https:\/\/injzp.uek.krakow.pl\/kzp\/wp-content\/uploads\/sites\/11\/2024\/06\/Teams-768x363.png\" class=\"attachment-medium_large size-medium_large wp-image-2269\" alt=\"\" srcset=\"https:\/\/injzp.uek.krakow.pl\/kzp\/wp-content\/uploads\/sites\/11\/2024\/06\/Teams-768x363.png 768w, https:\/\/injzp.uek.krakow.pl\/kzp\/wp-content\/uploads\/sites\/11\/2024\/06\/Teams-300x142.png 300w, https:\/\/injzp.uek.krakow.pl\/kzp\/wp-content\/uploads\/sites\/11\/2024\/06\/Teams-1024x485.png 1024w, https:\/\/injzp.uek.krakow.pl\/kzp\/wp-content\/uploads\/sites\/11\/2024\/06\/Teams-1536x727.png 1536w, https:\/\/injzp.uek.krakow.pl\/kzp\/wp-content\/uploads\/sites\/11\/2024\/06\/Teams-2048x969.png 2048w, https:\/\/injzp.uek.krakow.pl\/kzp\/wp-content\/uploads\/sites\/11\/2024\/06\/Teams-1140x539.png 1140w\" sizes=\"(max-width: 768px) 100vw, 768px\" \/>\t\t\t\t\t\t\t\t\t\t\t<figcaption class=\"widget-image-caption wp-caption-text\">Panel Ekspercki pt. Organizacja neuror\u00f3\u017cnorodna - wyr\u00f3\u017cniki, korzy\u015bci, wyzwania w ramach XVI Mi\u0119dzynarodowej Konferencji Naukowej Kolegium Nauk o Zarz\u0105dzaniu i Jako\u015bci  <\/figcaption>\n\t\t\t\t\t\t\t\t\t\t<\/figure>\n\t\t\t\t\t\t\t\t\t<\/div>\n\t\t\t\t<\/div>\n\t\t\t\t<div class=\"elementor-element elementor-element-8a6a5bf elementor-widget elementor-widget-image\" data-id=\"8a6a5bf\" data-element_type=\"widget\" data-widget_type=\"image.default\">\n\t\t\t\t<div class=\"elementor-widget-container\">\n\t\t\t\t\t\t\t\t\t\t\t\t\t\t\t<img decoding=\"async\" width=\"768\" height=\"730\" src=\"https:\/\/injzp.uek.krakow.pl\/kzp\/wp-content\/uploads\/sites\/11\/2024\/06\/Teatr-1-768x730.png\" class=\"attachment-medium_large size-medium_large wp-image-2264\" alt=\"\" srcset=\"https:\/\/injzp.uek.krakow.pl\/kzp\/wp-content\/uploads\/sites\/11\/2024\/06\/Teatr-1-768x730.png 768w, https:\/\/injzp.uek.krakow.pl\/kzp\/wp-content\/uploads\/sites\/11\/2024\/06\/Teatr-1-300x285.png 300w, https:\/\/injzp.uek.krakow.pl\/kzp\/wp-content\/uploads\/sites\/11\/2024\/06\/Teatr-1-1024x973.png 1024w, https:\/\/injzp.uek.krakow.pl\/kzp\/wp-content\/uploads\/sites\/11\/2024\/06\/Teatr-1-1140x1083.png 1140w, https:\/\/injzp.uek.krakow.pl\/kzp\/wp-content\/uploads\/sites\/11\/2024\/06\/Teatr-1.png 1422w\" sizes=\"(max-width: 768px) 100vw, 768px\" \/>\t\t\t\t\t\t\t\t\t\t\t\t\t\t\t<\/div>\n\t\t\t\t<\/div>\n\t\t\t\t\t<\/div>\n\t\t<\/div>\n\t\t\t\t\t<\/div>\n\t\t<\/section>\n\t\t\t\t<section data-particle_enable=\"false\" data-particle-mobile-disabled=\"false\" class=\"elementor-section elementor-top-section elementor-element elementor-element-622dbd4 elementor-section-boxed elementor-section-height-default elementor-section-height-default\" data-id=\"622dbd4\" data-element_type=\"section\" data-settings=\"{&quot;jet_parallax_layout_list&quot;:[]}\">\n\t\t\t\t\t\t<div class=\"elementor-container elementor-column-gap-default\">\n\t\t\t\t\t<div class=\"elementor-column elementor-col-100 elementor-top-column elementor-element elementor-element-a422bd3\" data-id=\"a422bd3\" data-element_type=\"column\">\n\t\t\t<div class=\"elementor-widget-wrap elementor-element-populated\">\n\t\t\t\t\t\t<div class=\"elementor-element elementor-element-69e6d45 elementor-widget elementor-widget-image\" data-id=\"69e6d45\" data-element_type=\"widget\" data-widget_type=\"image.default\">\n\t\t\t\t<div class=\"elementor-widget-container\">\n\t\t\t\t\t\t\t\t\t\t\t\t\t\t\t<img decoding=\"async\" width=\"768\" height=\"746\" src=\"https:\/\/injzp.uek.krakow.pl\/kzp\/wp-content\/uploads\/sites\/11\/2024\/06\/Neuro-768x746.png\" class=\"attachment-medium_large size-medium_large wp-image-2249\" alt=\"\" srcset=\"https:\/\/injzp.uek.krakow.pl\/kzp\/wp-content\/uploads\/sites\/11\/2024\/06\/Neuro-768x746.png 768w, https:\/\/injzp.uek.krakow.pl\/kzp\/wp-content\/uploads\/sites\/11\/2024\/06\/Neuro-300x291.png 300w, https:\/\/injzp.uek.krakow.pl\/kzp\/wp-content\/uploads\/sites\/11\/2024\/06\/Neuro-1024x995.png 1024w, https:\/\/injzp.uek.krakow.pl\/kzp\/wp-content\/uploads\/sites\/11\/2024\/06\/Neuro-1140x1107.png 1140w, https:\/\/injzp.uek.krakow.pl\/kzp\/wp-content\/uploads\/sites\/11\/2024\/06\/Neuro.png 1434w\" sizes=\"(max-width: 768px) 100vw, 768px\" \/>\t\t\t\t\t\t\t\t\t\t\t\t\t\t\t<\/div>\n\t\t\t\t<\/div>\n\t\t\t\t\t<\/div>\n\t\t<\/div>\n\t\t\t\t\t<\/div>\n\t\t<\/section>\n\t\t\t\t<\/div>\n\t\t","protected":false},"excerpt":{"rendered":"<p>21 maja 2024 r. w trakcie XVI Mi\u0119dzynarodowej Konferencji Naukowej Wiedza &#8211; Gospodarka &#8211; Spo\u0142ecze\u0144stwo\u00a0Kolegium Nauk o Zarz\u0105dzaniu i Jako\u015bci Uniwersytetu Ekonomicznego w Krakowie Prof. Marek Jab\u0142o\u0144ski oraz dr Mariola Wiater i mgr Julia Karcz-Ryndak z Katedry Zarz\u0105dzania Procesowego zorganizowali dwa panele dyskusyjne pt.: &#8211; Teatr na \u015bwiatowej scenie. Zarz\u0105dzanie wsp\u00f3\u0142czesnym teatrem: wsp\u00f3\u0142praca mi\u0119dzynarodowa &#8211; Organizacja neuror\u00f3\u017cnorodna \u2013 wyr\u00f3\u017cniki, korzy\u015bci, wyzwania W dyskusji wzi\u0119li udzia\u0142 eksperci zajmuj\u0105cy si\u0119 poruszan\u0105 problematyk\u0105, specjali\u015bci, dyrektorzy przedsi\u0119biorstw, teatr\u00f3w i instytut\u00f3w.\u00a0 Rekordowa frekwencja s\u0142uchaczy \u015bwiadczy o du\u017cym zainteresowaniu prezentowanymi zagadnieniami w\u015br\u00f3d spo\u0142eczno\u015bci akademickiej naszego Uniwersytetu. Zapraszamy na kolejne edycje! \/*! elementor &#8211; v3.17.0 &#8211; 08-11-2023 *\/ .elementor-widget-image{text-align:center}.elementor-widget-image a{display:inline-block}.elementor-widget-image a img[src$=&#8221;.svg&#8221;]{width:48px}.elementor-widget-image img{vertical-align:middle;display:inline-block} Panel Ekspercki pt. Organizacja neuror\u00f3\u017cnorodna &#8211; wyr\u00f3\u017cniki, korzy\u015bci, wyzwania w ramach XVI Mi\u0119dzynarodowej Konferencji Naukowej Kolegium Nauk o Zarz\u0105dzaniu i Jako\u015bci<\/p>\n","protected":false},"author":15,"featured_media":0,"comment_status":"closed","ping_status":"closed","sticky":false,"template":"","format":"standard","meta":{"footnotes":""},"categories":[1],"tags":[],"class_list":["post-2246","post","type-post","status-publish","format-standard","hentry","category-aktualnosci"],"_links":{"self":[{"href":"https:\/\/injzp.uek.krakow.pl\/kzp\/wp-json\/wp\/v2\/posts\/2246","targetHints":{"allow":["GET"]}}],"collection":[{"href":"https:\/\/injzp.uek.krakow.pl\/kzp\/wp-json\/wp\/v2\/posts"}],"about":[{"href":"https:\/\/injzp.uek.krakow.pl\/kzp\/wp-json\/wp\/v2\/types\/post"}],"author":[{"embeddable":true,"href":"https:\/\/injzp.uek.krakow.pl\/kzp\/wp-json\/wp\/v2\/users\/15"}],"replies":[{"embeddable":true,"href":"https:\/\/injzp.uek.krakow.pl\/kzp\/wp-json\/wp\/v2\/comments?post=2246"}],"version-history":[{"count":43,"href":"https:\/\/injzp.uek.krakow.pl\/kzp\/wp-json\/wp\/v2\/posts\/2246\/revisions"}],"predecessor-version":[{"id":2316,"href":"https:\/\/injzp.uek.krakow.pl\/kzp\/wp-json\/wp\/v2\/posts\/2246\/revisions\/2316"}],"wp:attachment":[{"href":"https:\/\/injzp.uek.krakow.pl\/kzp\/wp-json\/wp\/v2\/media?parent=2246"}],"wp:term":[{"taxonomy":"category","embeddable":true,"href":"https:\/\/injzp.uek.krakow.pl\/kzp\/wp-json\/wp\/v2\/categories?post=2246"},{"taxonomy":"post_tag","embeddable":true,"href":"https:\/\/injzp.uek.krakow.pl\/kzp\/wp-json\/wp\/v2\/tags?post=2246"}],"curies":[{"name":"wp","href":"https:\/\/api.w.org\/{rel}","templated":true}]}}